{"id":369457,"date":"2021-12-16T10:16:53","date_gmt":"2021-12-16T08:16:53","guid":{"rendered":"https:\/\/blanxart.com\/blanxart-colabora-hospital-sant-joan-deu-barcelona\/"},"modified":"2021-12-16T10:26:30","modified_gmt":"2021-12-16T08:26:30","slug":"indcresa-i-blanxart-col%c2%b7laboren-amb-lhospital-sant-joan-deu-barcelona","status":"publish","type":"post","link":"https:\/\/blanxart.com\/ca\/indcresa-i-blanxart-col%c2%b7laboren-amb-lhospital-sant-joan-deu-barcelona\/","title":{"rendered":"Indcresa i Blanxart col\u00b7laboren amb l&#8217;Hospital Sant Joan de D\u00e9u de Barcelona"},"content":{"rendered":"<h3>Indcresa i Blanxart s&#8217;uneixen per la investigaci\u00f3 del c\u00e0ncer infantil<\/h3>\n<p>Ambdues empreses del sector del cacau i de la xocolata uneixen esfor\u00e7os amb una col\u00b7laboraci\u00f3 solid\u00e0ria a favor de l&#8217;associaci\u00f3 MUA SOLIDARIS, entitat col\u00b7laboradora de l&#8217;<a href=\"https:\/\/www.sjdhospitalbarcelona.org\/es\">Hospital SJD<\/a>.<\/p>\n<p>Aix\u00ed, l&#8217;acci\u00f3 ha constat de la <strong>creaci\u00f3 d&#8217;un <a href=\"https:\/\/blanxart.com\/tienda\/producto\/pack-4-turrones-blanxart-800g\/\">pack de torrons<\/a> tradicionals de xocolata <a href=\"https:\/\/blanxart.com\/\">Blanxart<\/a>,<\/strong> entregat com detall de Nadal pels empleats de la companyia Indcresa. La col\u00b7laboraci\u00f3 s&#8217;ha tancat amb una aportaci\u00f3 econ\u00f2mica de 1.000\u20ac dirigida a <a href=\"https:\/\/muasolidaris.com\/\">MUA Solidaris<\/a>.<\/p>\n<p>La bona relaci\u00f3 mantinguda per ambdues empreses es refor\u00e7a encara m\u00e9s aquest 2021 amb la primera acci\u00f3 solid\u00e0ria conjunta.<\/p>\n","protected":false},"excerpt":{"rendered":"<p>Indcresa i Blanxart s&#8217;uneixen per la investigaci\u00f3 del c\u00e0ncer infantil Ambdues empreses del sector del cacau i de la xocolata&#8230;<\/p>\n","protected":false},"author":1,"featured_media":369467,"comment_status":"closed","ping_status":"open","sticky":false,"template":"","format":"standard","meta":{"_acf_changed":false,"footnotes":""},"categories":[52],"class_list":["post-369457","post","type-post","status-publish","format-standard","has-post-thumbnail","hentry","category-blanxart-solidari"],"acf":[],"yoast_head":"<!-- This site is optimized with the Yoast SEO plugin v23.1 - https:\/\/yoast.com\/wordpress\/plugins\/seo\/ -->\n<title>Indcresa i Blanxart col\u00b7laboren amb l&#039;Hospital Sant Joan de D\u00e9u de Barcelona<\/title>\n<meta name=\"description\" content=\"Ambdues empreses del sector del cacau i de la xocolata uneixen esfor\u00e7os amb una col\u00b7laboraci\u00f3 solid\u00e0ria a favor de l&#039;associaci\u00f3 MUA SOLIDARIS.\" \/>\n<meta name=\"robots\" content=\"index, follow, max-snippet:-1, max-image-preview:large, max-video-preview:-1\" \/>\n<link rel=\"canonical\" href=\"https:\/\/blanxart.com\/ca\/indcresa-i-blanxart-col\u00b7laboren-amb-lhospital-sant-joan-deu-barcelona\/\" \/>\n<meta property=\"og:locale\" content=\"ca_ES\" \/>\n<meta property=\"og:type\" content=\"article\" \/>\n<meta property=\"og:title\" content=\"Indcresa i Blanxart col\u00b7laboren amb l&#039;Hospital Sant Joan de D\u00e9u de Barcelona\" \/>\n<meta property=\"og:description\" content=\"Ambdues empreses del sector del cacau i de la xocolata uneixen esfor\u00e7os amb una col\u00b7laboraci\u00f3 solid\u00e0ria a favor de l&#039;associaci\u00f3 MUA SOLIDARIS.\" \/>\n<meta property=\"og:url\" content=\"https:\/\/blanxart.com\/ca\/indcresa-i-blanxart-col\u00b7laboren-amb-lhospital-sant-joan-deu-barcelona\/\" \/>\n<meta property=\"og:site_name\" content=\"Blanxart\" \/>\n<meta property=\"article:publisher\" content=\"https:\/\/www.facebook.com\/blanxartbarcelona\" \/>\n<meta property=\"article:published_time\" content=\"2021-12-16T08:16:53+00:00\" \/>\n<meta property=\"article:modified_time\" content=\"2021-12-16T08:26:30+00:00\" \/>\n<meta property=\"og:image\" content=\"https:\/\/blanxart.com\/wp-content\/uploads\/indcresa-blanxart.png\" \/>\n\t<meta property=\"og:image:width\" content=\"555\" \/>\n\t<meta property=\"og:image:height\" content=\"555\" \/>\n\t<meta property=\"og:image:type\" content=\"image\/png\" \/>\n<meta name=\"author\" content=\"admin\" \/>\n<meta name=\"twitter:card\" content=\"summary_large_image\" \/>\n<meta name=\"twitter:creator\" content=\"@Blanxart1954\" \/>\n<meta name=\"twitter:site\" content=\"@Blanxart1954\" \/>\n<meta name=\"twitter:label1\" content=\"Written by\" \/>\n\t<meta name=\"twitter:data1\" content=\"admin\" \/>\n\t<meta name=\"twitter:label2\" content=\"Est. reading time\" \/>\n\t<meta name=\"twitter:data2\" content=\"1 minute\" \/>\n<script type=\"application\/ld+json\" class=\"yoast-schema-graph\">{\"@context\":\"https:\/\/schema.org\",\"@graph\":[{\"@type\":\"Article\",\"@id\":\"https:\/\/blanxart.com\/ca\/indcresa-i-blanxart-col%c2%b7laboren-amb-lhospital-sant-joan-deu-barcelona\/#article\",\"isPartOf\":{\"@id\":\"https:\/\/blanxart.com\/ca\/indcresa-i-blanxart-col%c2%b7laboren-amb-lhospital-sant-joan-deu-barcelona\/\"},\"author\":{\"name\":\"admin\",\"@id\":\"https:\/\/blanxart.com\/#\/schema\/person\/c715f3c2fe21a303716fffa63d35f8fb\"},\"headline\":\"Indcresa i Blanxart col\u00b7laboren amb l&#8217;Hospital Sant Joan de D\u00e9u de Barcelona\",\"datePublished\":\"2021-12-16T08:16:53+00:00\",\"dateModified\":\"2021-12-16T08:26:30+00:00\",\"mainEntityOfPage\":{\"@id\":\"https:\/\/blanxart.com\/ca\/indcresa-i-blanxart-col%c2%b7laboren-amb-lhospital-sant-joan-deu-barcelona\/\"},\"wordCount\":118,\"publisher\":{\"@id\":\"https:\/\/blanxart.com\/#organization\"},\"image\":{\"@id\":\"https:\/\/blanxart.com\/ca\/indcresa-i-blanxart-col%c2%b7laboren-amb-lhospital-sant-joan-deu-barcelona\/#primaryimage\"},\"thumbnailUrl\":\"https:\/\/blanxart.com\/wp-content\/uploads\/indcresa-blanxart.png\",\"articleSection\":[\"Blanxart Solidari\"],\"inLanguage\":\"ca\"},{\"@type\":\"WebPage\",\"@id\":\"https:\/\/blanxart.com\/ca\/indcresa-i-blanxart-col%c2%b7laboren-amb-lhospital-sant-joan-deu-barcelona\/\",\"url\":\"https:\/\/blanxart.com\/ca\/indcresa-i-blanxart-col%c2%b7laboren-amb-lhospital-sant-joan-deu-barcelona\/\",\"name\":\"Indcresa i Blanxart col\u00b7laboren amb l'Hospital Sant Joan de D\u00e9u de Barcelona\",\"isPartOf\":{\"@id\":\"https:\/\/blanxart.com\/#website\"},\"primaryImageOfPage\":{\"@id\":\"https:\/\/blanxart.com\/ca\/indcresa-i-blanxart-col%c2%b7laboren-amb-lhospital-sant-joan-deu-barcelona\/#primaryimage\"},\"image\":{\"@id\":\"https:\/\/blanxart.com\/ca\/indcresa-i-blanxart-col%c2%b7laboren-amb-lhospital-sant-joan-deu-barcelona\/#primaryimage\"},\"thumbnailUrl\":\"https:\/\/blanxart.com\/wp-content\/uploads\/indcresa-blanxart.png\",\"datePublished\":\"2021-12-16T08:16:53+00:00\",\"dateModified\":\"2021-12-16T08:26:30+00:00\",\"description\":\"Ambdues empreses del sector del cacau i de la xocolata uneixen esfor\u00e7os amb una col\u00b7laboraci\u00f3 solid\u00e0ria a favor de l'associaci\u00f3 MUA SOLIDARIS.\",\"breadcrumb\":{\"@id\":\"https:\/\/blanxart.com\/ca\/indcresa-i-blanxart-col%c2%b7laboren-amb-lhospital-sant-joan-deu-barcelona\/#breadcrumb\"},\"inLanguage\":\"ca\",\"potentialAction\":[{\"@type\":\"ReadAction\",\"target\":[\"https:\/\/blanxart.com\/ca\/indcresa-i-blanxart-col%c2%b7laboren-amb-lhospital-sant-joan-deu-barcelona\/\"]}]},{\"@type\":\"ImageObject\",\"inLanguage\":\"ca\",\"@id\":\"https:\/\/blanxart.com\/ca\/indcresa-i-blanxart-col%c2%b7laboren-amb-lhospital-sant-joan-deu-barcelona\/#primaryimage\",\"url\":\"https:\/\/blanxart.com\/wp-content\/uploads\/indcresa-blanxart.png\",\"contentUrl\":\"https:\/\/blanxart.com\/wp-content\/uploads\/indcresa-blanxart.png\",\"width\":555,\"height\":555},{\"@type\":\"BreadcrumbList\",\"@id\":\"https:\/\/blanxart.com\/ca\/indcresa-i-blanxart-col%c2%b7laboren-amb-lhospital-sant-joan-deu-barcelona\/#breadcrumb\",\"itemListElement\":[{\"@type\":\"ListItem\",\"position\":1,\"name\":\"Portada\",\"item\":\"https:\/\/blanxart.com\/\"},{\"@type\":\"ListItem\",\"position\":2,\"name\":\"Indcresa i Blanxart col\u00b7laboren amb l&#8217;Hospital Sant Joan de D\u00e9u de Barcelona\"}]},{\"@type\":\"WebSite\",\"@id\":\"https:\/\/blanxart.com\/#website\",\"url\":\"https:\/\/blanxart.com\/\",\"name\":\"Blanxart\",\"description\":\"Chocolate artesanal de or\u00edgenes desde 1954.\",\"publisher\":{\"@id\":\"https:\/\/blanxart.com\/#organization\"},\"potentialAction\":[{\"@type\":\"SearchAction\",\"target\":{\"@type\":\"EntryPoint\",\"urlTemplate\":\"https:\/\/blanxart.com\/?s={search_term_string}\"},\"query-input\":\"required name=search_term_string\"}],\"inLanguage\":\"ca\"},{\"@type\":\"Organization\",\"@id\":\"https:\/\/blanxart.com\/#organization\",\"name\":\"BB Chocolate Grup, S.A.\",\"url\":\"https:\/\/blanxart.com\/\",\"logo\":{\"@type\":\"ImageObject\",\"inLanguage\":\"ca\",\"@id\":\"https:\/\/blanxart.com\/#\/schema\/logo\/image\/\",\"url\":\"https:\/\/blanxart.com\/wp-content\/uploads\/010438885.jpg\",\"contentUrl\":\"https:\/\/blanxart.com\/wp-content\/uploads\/010438885.jpg\",\"width\":640,\"height\":640,\"caption\":\"BB Chocolate Grup, S.A.\"},\"image\":{\"@id\":\"https:\/\/blanxart.com\/#\/schema\/logo\/image\/\"},\"sameAs\":[\"https:\/\/www.facebook.com\/blanxartbarcelona\",\"https:\/\/x.com\/Blanxart1954\"]},{\"@type\":\"Person\",\"@id\":\"https:\/\/blanxart.com\/#\/schema\/person\/c715f3c2fe21a303716fffa63d35f8fb\",\"name\":\"admin\",\"image\":{\"@type\":\"ImageObject\",\"inLanguage\":\"ca\",\"@id\":\"https:\/\/blanxart.com\/#\/schema\/person\/image\/\",\"url\":\"https:\/\/secure.gravatar.com\/avatar\/22dfa13b5ab6a8b1162b70e90dc98e17?s=96&d=mm&r=g\",\"contentUrl\":\"https:\/\/secure.gravatar.com\/avatar\/22dfa13b5ab6a8b1162b70e90dc98e17?s=96&d=mm&r=g\",\"caption\":\"admin\"}}]}<\/script>\n<!-- \/ Yoast SEO plugin. -->","yoast_head_json":{"title":"Indcresa i Blanxart col\u00b7laboren amb l'Hospital Sant Joan de D\u00e9u de Barcelona","description":"Ambdues empreses del sector del cacau i de la xocolata uneixen esfor\u00e7os amb una col\u00b7laboraci\u00f3 solid\u00e0ria a favor de l'associaci\u00f3 MUA SOLIDARIS.","robots":{"index":"index","follow":"follow","max-snippet":"max-snippet:-1","max-image-preview":"max-image-preview:large","max-video-preview":"max-video-preview:-1"},"canonical":"https:\/\/blanxart.com\/ca\/indcresa-i-blanxart-col\u00b7laboren-amb-lhospital-sant-joan-deu-barcelona\/","og_locale":"ca_ES","og_type":"article","og_title":"Indcresa i Blanxart col\u00b7laboren amb l'Hospital Sant Joan de D\u00e9u de Barcelona","og_description":"Ambdues empreses del sector del cacau i de la xocolata uneixen esfor\u00e7os amb una col\u00b7laboraci\u00f3 solid\u00e0ria a favor de l'associaci\u00f3 MUA SOLIDARIS.","og_url":"https:\/\/blanxart.com\/ca\/indcresa-i-blanxart-col\u00b7laboren-amb-lhospital-sant-joan-deu-barcelona\/","og_site_name":"Blanxart","article_publisher":"https:\/\/www.facebook.com\/blanxartbarcelona","article_published_time":"2021-12-16T08:16:53+00:00","article_modified_time":"2021-12-16T08:26:30+00:00","og_image":[{"width":555,"height":555,"url":"https:\/\/blanxart.com\/wp-content\/uploads\/indcresa-blanxart.png","type":"image\/png"}],"author":"admin","twitter_card":"summary_large_image","twitter_creator":"@Blanxart1954","twitter_site":"@Blanxart1954","twitter_misc":{"Written by":"admin","Est. reading time":"1 minute"},"schema":{"@context":"https:\/\/schema.org","@graph":[{"@type":"Article","@id":"https:\/\/blanxart.com\/ca\/indcresa-i-blanxart-col%c2%b7laboren-amb-lhospital-sant-joan-deu-barcelona\/#article","isPartOf":{"@id":"https:\/\/blanxart.com\/ca\/indcresa-i-blanxart-col%c2%b7laboren-amb-lhospital-sant-joan-deu-barcelona\/"},"author":{"name":"admin","@id":"https:\/\/blanxart.com\/#\/schema\/person\/c715f3c2fe21a303716fffa63d35f8fb"},"headline":"Indcresa i Blanxart col\u00b7laboren amb l&#8217;Hospital Sant Joan de D\u00e9u de Barcelona","datePublished":"2021-12-16T08:16:53+00:00","dateModified":"2021-12-16T08:26:30+00:00","mainEntityOfPage":{"@id":"https:\/\/blanxart.com\/ca\/indcresa-i-blanxart-col%c2%b7laboren-amb-lhospital-sant-joan-deu-barcelona\/"},"wordCount":118,"publisher":{"@id":"https:\/\/blanxart.com\/#organization"},"image":{"@id":"https:\/\/blanxart.com\/ca\/indcresa-i-blanxart-col%c2%b7laboren-amb-lhospital-sant-joan-deu-barcelona\/#primaryimage"},"thumbnailUrl":"https:\/\/blanxart.com\/wp-content\/uploads\/indcresa-blanxart.png","articleSection":["Blanxart Solidari"],"inLanguage":"ca"},{"@type":"WebPage","@id":"https:\/\/blanxart.com\/ca\/indcresa-i-blanxart-col%c2%b7laboren-amb-lhospital-sant-joan-deu-barcelona\/","url":"https:\/\/blanxart.com\/ca\/indcresa-i-blanxart-col%c2%b7laboren-amb-lhospital-sant-joan-deu-barcelona\/","name":"Indcresa i Blanxart col\u00b7laboren amb l'Hospital Sant Joan de D\u00e9u de Barcelona","isPartOf":{"@id":"https:\/\/blanxart.com\/#website"},"primaryImageOfPage":{"@id":"https:\/\/blanxart.com\/ca\/indcresa-i-blanxart-col%c2%b7laboren-amb-lhospital-sant-joan-deu-barcelona\/#primaryimage"},"image":{"@id":"https:\/\/blanxart.com\/ca\/indcresa-i-blanxart-col%c2%b7laboren-amb-lhospital-sant-joan-deu-barcelona\/#primaryimage"},"thumbnailUrl":"https:\/\/blanxart.com\/wp-content\/uploads\/indcresa-blanxart.png","datePublished":"2021-12-16T08:16:53+00:00","dateModified":"2021-12-16T08:26:30+00:00","description":"Ambdues empreses del sector del cacau i de la xocolata uneixen esfor\u00e7os amb una col\u00b7laboraci\u00f3 solid\u00e0ria a favor de l'associaci\u00f3 MUA SOLIDARIS.","breadcrumb":{"@id":"https:\/\/blanxart.com\/ca\/indcresa-i-blanxart-col%c2%b7laboren-amb-lhospital-sant-joan-deu-barcelona\/#breadcrumb"},"inLanguage":"ca","potentialAction":[{"@type":"ReadAction","target":["https:\/\/blanxart.com\/ca\/indcresa-i-blanxart-col%c2%b7laboren-amb-lhospital-sant-joan-deu-barcelona\/"]}]},{"@type":"ImageObject","inLanguage":"ca","@id":"https:\/\/blanxart.com\/ca\/indcresa-i-blanxart-col%c2%b7laboren-amb-lhospital-sant-joan-deu-barcelona\/#primaryimage","url":"https:\/\/blanxart.com\/wp-content\/uploads\/indcresa-blanxart.png","contentUrl":"https:\/\/blanxart.com\/wp-content\/uploads\/indcresa-blanxart.png","width":555,"height":555},{"@type":"BreadcrumbList","@id":"https:\/\/blanxart.com\/ca\/indcresa-i-blanxart-col%c2%b7laboren-amb-lhospital-sant-joan-deu-barcelona\/#breadcrumb","itemListElement":[{"@type":"ListItem","position":1,"name":"Portada","item":"https:\/\/blanxart.com\/"},{"@type":"ListItem","position":2,"name":"Indcresa i Blanxart col\u00b7laboren amb l&#8217;Hospital Sant Joan de D\u00e9u de Barcelona"}]},{"@type":"WebSite","@id":"https:\/\/blanxart.com\/#website","url":"https:\/\/blanxart.com\/","name":"Blanxart","description":"Chocolate artesanal de or\u00edgenes desde 1954.","publisher":{"@id":"https:\/\/blanxart.com\/#organization"},"potentialAction":[{"@type":"SearchAction","target":{"@type":"EntryPoint","urlTemplate":"https:\/\/blanxart.com\/?s={search_term_string}"},"query-input":"required name=search_term_string"}],"inLanguage":"ca"},{"@type":"Organization","@id":"https:\/\/blanxart.com\/#organization","name":"BB Chocolate Grup, S.A.","url":"https:\/\/blanxart.com\/","logo":{"@type":"ImageObject","inLanguage":"ca","@id":"https:\/\/blanxart.com\/#\/schema\/logo\/image\/","url":"https:\/\/blanxart.com\/wp-content\/uploads\/010438885.jpg","contentUrl":"https:\/\/blanxart.com\/wp-content\/uploads\/010438885.jpg","width":640,"height":640,"caption":"BB Chocolate Grup, S.A."},"image":{"@id":"https:\/\/blanxart.com\/#\/schema\/logo\/image\/"},"sameAs":["https:\/\/www.facebook.com\/blanxartbarcelona","https:\/\/x.com\/Blanxart1954"]},{"@type":"Person","@id":"https:\/\/blanxart.com\/#\/schema\/person\/c715f3c2fe21a303716fffa63d35f8fb","name":"admin","image":{"@type":"ImageObject","inLanguage":"ca","@id":"https:\/\/blanxart.com\/#\/schema\/person\/image\/","url":"https:\/\/secure.gravatar.com\/avatar\/22dfa13b5ab6a8b1162b70e90dc98e17?s=96&d=mm&r=g","contentUrl":"https:\/\/secure.gravatar.com\/avatar\/22dfa13b5ab6a8b1162b70e90dc98e17?s=96&d=mm&r=g","caption":"admin"}}]}},"_links":{"self":[{"href":"https:\/\/blanxart.com\/ca\/wp-json\/wp\/v2\/posts\/369457"}],"collection":[{"href":"https:\/\/blanxart.com\/ca\/wp-json\/wp\/v2\/posts"}],"about":[{"href":"https:\/\/blanxart.com\/ca\/wp-json\/wp\/v2\/types\/post"}],"author":[{"embeddable":true,"href":"https:\/\/blanxart.com\/ca\/wp-json\/wp\/v2\/users\/1"}],"replies":[{"embeddable":true,"href":"https:\/\/blanxart.com\/ca\/wp-json\/wp\/v2\/comments?post=369457"}],"version-history":[{"count":0,"href":"https:\/\/blanxart.com\/ca\/wp-json\/wp\/v2\/posts\/369457\/revisions"}],"wp:featuredmedia":[{"embeddable":true,"href":"https:\/\/blanxart.com\/ca\/wp-json\/wp\/v2\/media\/369467"}],"wp:attachment":[{"href":"https:\/\/blanxart.com\/ca\/wp-json\/wp\/v2\/media?parent=369457"}],"wp:term":[{"taxonomy":"category","embeddable":true,"href":"https:\/\/blanxart.com\/ca\/wp-json\/wp\/v2\/categories?post=369457"}],"curies":[{"name":"wp","href":"https:\/\/api.w.org\/{rel}","templated":true}]}}